{"id":42978,"date":"2026-04-30T16:50:21","date_gmt":"2026-04-30T14:50:21","guid":{"rendered":"https:\/\/mtp.global\/es\/?p=42978"},"modified":"2026-04-30T17:08:30","modified_gmt":"2026-04-30T15:08:30","slug":"mtp-organiza-cuarta-edicion-innovation-day-madrid-gobierno-ia-tema-principal","status":"publish","type":"post","link":"https:\/\/mtp.global\/es\/blog\/actualidad\/mtp-organiza-cuarta-edicion-innovation-day-madrid-gobierno-ia-tema-principal\/","title":{"rendered":"MTP organiza la cuarta edici\u00f3n del Innovation Day de Madrid, con el gobierno de la IA como tema principal"},"content":{"rendered":"\n<p><strong>MTP ha organizado, para el pr\u00f3ximo d\u00eda 21 de mayo en Madrid, la cuarta edici\u00f3n del Innovation Day. Este evento, dedicado a la innovaci\u00f3n y a conocer nuevas ideas que pueden impulsar los negocios, tendr\u00e1 este a\u00f1o como tema protagonista a la IA y a su gobierno dentro de las organizaciones. La jornada se celebrar\u00e1 en el espacio Bulevar 30, de 9 a 12:30, con aforo limitado.<\/strong><\/p>\n\n\n\n<h3 class=\"wp-block-heading has-text-align-center\"><strong><a href=\"https:\/\/innovacion.mtp.es\/inscripcion-innovation-day-mtp-2026\" target=\"_blank\" rel=\"noreferrer noopener\">Puede solicitar plaza para asistir aqu\u00ed<\/a><\/strong><\/h3>\n\n\n\n<p>Un a\u00f1o m\u00e1s, en MTP hemos organizado este evento, con el que pretendemos seguir el paso de las nuevas tecnolog\u00edas e ideas innovadoras, conocer casos de \u00e9xito de aplicaci\u00f3n en proyectos reales y tambi\u00e9n facilitar el \u2018networking\u2019 e intercambio de conocimiento y experiencias entre los asistentes.<\/p>\n\n\n\n<p>En la edici\u00f3n de este a\u00f1o, nos hemos querido centrar en la IA, y en concreto, en un aspecto importante y que creemos de mucha relevancia. El uso de las herramientas de inteligencia artificial ya se ha generalizado y forma parte del d\u00eda a d\u00eda de muchos profesionales. Pero, en ese uso, \u00bflas organizaciones o empresas tienen control sobre la IA o simplemente conviven con ella?<\/p>\n\n\n\n<h2 class=\"wp-block-heading\"><strong>IA de confianza<\/strong><\/h2>\n\n\n\n<p>Para dar respuesta a este y otros muchos temas relacionados, as\u00ed como tratar sobre c\u00f3mo implantar, gestionar y escalar la IA en las organizaciones de forma responsable, segura y eficiente, contaremos con expertos que aportar\u00e1n sus experiencias para conseguir ese objetivo de una IA utilizada con criterio, control y, sobre todo, confianza.<\/p>\n\n\n\n<p><strong>Jes\u00fas Heredero<\/strong>, director de Consultor\u00eda de MTP, ser\u00e1 el encargado de introducir este tema y de aportar un contexto sobre el uso de la IA en las organizaciones.<\/p>\n\n\n\n<p>En la siguiente sesi\u00f3n, <strong>Ram\u00f3n Tamames<\/strong>, reconocido experto y divulgador sobre la materia, hablar\u00e1 de \u201cIA aplicada: lo que ya funciona en las empresas y lo que todav\u00eda miente\u201d. Expondr\u00e1 una visi\u00f3n sobre c\u00f3mo la IA est\u00e1 transformando las empresas, las oportunidades para el futuro y los desaf\u00edos que a\u00fan quedan por superar.<\/p>\n\n\n\n<h2 class=\"wp-block-heading\"><strong>Mesa redonda sobre gobierno de la IA<\/strong><\/h2>\n\n\n\n<p>En la jornada est\u00e1 prevista tambi\u00e9n una mesa redonda, moderada por Ram\u00f3n Tamames, en la que se abordar\u00e1 la implantaci\u00f3n de la IA en la empresa, su impacto en los modelos operativos y tecnol\u00f3gicos, y su gobierno real para garantizar control, calidad y, en definitiva, confianza.<\/p>\n\n\n\n<p>Participar\u00e1n en la mesa redonda <strong>Rita Madariaga<\/strong>, Head of Technology en Cloud District, <strong>Ram\u00f3n Torres<\/strong>, Global CIO\/CTO Sector Industrial, <strong>Daniel Panadero<\/strong>, Global Head de Data&amp;IA de FCC Enviro, y <strong>V\u00edctor Mart\u00ednez<\/strong>, Head of Digital Solutions.<\/p>\n\n\n\n<p>Si est\u00e1s interesado en participar, <strong>reg\u00edstrate <\/strong><a href=\"https:\/\/innovacion.mtp.es\/inscripcion-innovation-day-mtp-2026\" target=\"_blank\" rel=\"noreferrer noopener\"><strong>aqu\u00ed<\/strong><\/a>. <\/p>\n\n\n\n<p><\/p>\n","protected":false},"excerpt":{"rendered":"<p>MTP ha organizado, para el pr\u00f3ximo d\u00eda 21 de mayo en Madrid, la cuarta edici\u00f3n del Innovation Day. Este evento, dedicado a la innovaci\u00f3n y a conocer nuevas ideas que pueden impulsar los negocios, tendr\u00e1 este a\u00f1o como tema protagonista a la IA y a su gobierno dentro de las organizaciones. La jornada se celebrar\u00e1 en el espacio Bulevar 30, de 9 a 12:30, con aforo limitado.<\/p>\n","protected":false},"author":9,"featured_media":42980,"comment_status":"closed","ping_status":"open","sticky":false,"template":"","format":"standard","meta":{"_acf_changed":false,"footnotes":""},"categories":[209],"tags":[],"class_list":["post-42978","post","type-post","status-publish","format-standard","has-post-thumbnail","hentry","category-actualidad"],"acf":[],"yoast_head":"<!-- This site is optimized with the Yoast SEO plugin v27.1.1 - https:\/\/yoast.com\/product\/yoast-seo-wordpress\/ -->\n<title>MTP organiza la cuarta edici\u00f3n del Innovation Day de Madrid<\/title>\n<meta name=\"description\" content=\"MTP ha organizado, para el pr\u00f3ximo d\u00eda 21 de mayo en Madrid, la cuarta edici\u00f3n del Innovation Day. Este evento tendr\u00e1 este a\u00f1o como tema protagonista a la IA y a su gobierno.\" \/>\n<meta name=\"robots\" content=\"index, follow, max-snippet:-1, max-image-preview:large, max-video-preview:-1\" \/>\n<link rel=\"canonical\" href=\"https:\/\/mtp.global\/es\/blog\/actualidad\/mtp-organiza-cuarta-edicion-innovation-day-madrid-gobierno-ia-tema-principal\/\" \/>\n<meta property=\"og:locale\" content=\"es_ES\" \/>\n<meta property=\"og:type\" content=\"article\" \/>\n<meta property=\"og:title\" content=\"MTP organiza la cuarta edici\u00f3n del Innovation Day de Madrid\" \/>\n<meta property=\"og:description\" content=\"MTP ha organizado, para el pr\u00f3ximo d\u00eda 21 de mayo en Madrid, la cuarta edici\u00f3n del Innovation Day. Este evento tendr\u00e1 este a\u00f1o como tema protagonista a la IA y a su gobierno.\" \/>\n<meta property=\"og:url\" content=\"https:\/\/mtp.global\/es\/blog\/actualidad\/mtp-organiza-cuarta-edicion-innovation-day-madrid-gobierno-ia-tema-principal\/\" \/>\n<meta property=\"og:site_name\" content=\"MTP Espa\u00f1a\" \/>\n<meta property=\"article:published_time\" content=\"2026-04-30T14:50:21+00:00\" \/>\n<meta property=\"article:modified_time\" content=\"2026-04-30T15:08:30+00:00\" \/>\n<meta property=\"og:image\" content=\"https:\/\/mtp.global\/es\/wp-content\/uploads\/2026\/04\/MTP-Blog-Innovation-Day-madrid-4a.webp\" \/>\n\t<meta property=\"og:image:width\" content=\"1920\" \/>\n\t<meta property=\"og:image:height\" content=\"1080\" \/>\n\t<meta property=\"og:image:type\" content=\"image\/webp\" \/>\n<meta name=\"author\" content=\"MTP\" \/>\n<meta name=\"twitter:card\" content=\"summary_large_image\" \/>\n<meta name=\"twitter:label1\" content=\"Escrito por\" \/>\n\t<meta name=\"twitter:data1\" content=\"MTP\" \/>\n\t<meta name=\"twitter:label2\" content=\"Tiempo de lectura\" \/>\n\t<meta name=\"twitter:data2\" content=\"2 minutos\" \/>\n<!-- \/ Yoast SEO plugin. -->","yoast_head_json":{"title":"MTP organiza la cuarta edici\u00f3n del Innovation Day de Madrid","description":"MTP ha organizado, para el pr\u00f3ximo d\u00eda 21 de mayo en Madrid, la cuarta edici\u00f3n del Innovation Day. Este evento tendr\u00e1 este a\u00f1o como tema protagonista a la IA y a su gobierno.","robots":{"index":"index","follow":"follow","max-snippet":"max-snippet:-1","max-image-preview":"max-image-preview:large","max-video-preview":"max-video-preview:-1"},"canonical":"https:\/\/mtp.global\/es\/blog\/actualidad\/mtp-organiza-cuarta-edicion-innovation-day-madrid-gobierno-ia-tema-principal\/","og_locale":"es_ES","og_type":"article","og_title":"MTP organiza la cuarta edici\u00f3n del Innovation Day de Madrid","og_description":"MTP ha organizado, para el pr\u00f3ximo d\u00eda 21 de mayo en Madrid, la cuarta edici\u00f3n del Innovation Day. Este evento tendr\u00e1 este a\u00f1o como tema protagonista a la IA y a su gobierno.","og_url":"https:\/\/mtp.global\/es\/blog\/actualidad\/mtp-organiza-cuarta-edicion-innovation-day-madrid-gobierno-ia-tema-principal\/","og_site_name":"MTP Espa\u00f1a","article_published_time":"2026-04-30T14:50:21+00:00","article_modified_time":"2026-04-30T15:08:30+00:00","og_image":[{"width":1920,"height":1080,"url":"https:\/\/mtp.global\/es\/wp-content\/uploads\/2026\/04\/MTP-Blog-Innovation-Day-madrid-4a.webp","type":"image\/webp"}],"author":"MTP","twitter_card":"summary_large_image","twitter_misc":{"Escrito por":"MTP","Tiempo de lectura":"2 minutos"},"schema":{"@context":"https:\/\/schema.org","@graph":[{"@type":"Article","@id":"https:\/\/mtp.global\/es\/blog\/actualidad\/mtp-organiza-cuarta-edicion-innovation-day-madrid-gobierno-ia-tema-principal\/#article","isPartOf":{"@id":"https:\/\/mtp.global\/es\/blog\/actualidad\/mtp-organiza-cuarta-edicion-innovation-day-madrid-gobierno-ia-tema-principal\/"},"author":{"name":"MTP","@id":"https:\/\/mtp.global\/es\/#\/schema\/person\/1186350db6f59e8360dd481150654813"},"headline":"MTP organiza la cuarta edici\u00f3n del Innovation Day de Madrid, con el gobierno de la IA como tema principal","datePublished":"2026-04-30T14:50:21+00:00","dateModified":"2026-04-30T15:08:30+00:00","mainEntityOfPage":{"@id":"https:\/\/mtp.global\/es\/blog\/actualidad\/mtp-organiza-cuarta-edicion-innovation-day-madrid-gobierno-ia-tema-principal\/"},"wordCount":470,"publisher":{"@id":"https:\/\/mtp.global\/es\/#organization"},"image":{"@id":"https:\/\/mtp.global\/es\/blog\/actualidad\/mtp-organiza-cuarta-edicion-innovation-day-madrid-gobierno-ia-tema-principal\/#primaryimage"},"thumbnailUrl":"https:\/\/mtp.global\/es\/wp-content\/uploads\/2026\/04\/MTP-Blog-Innovation-Day-madrid-4a.webp","articleSection":["Actualidad"],"inLanguage":"es"},{"@type":"WebPage","@id":"https:\/\/mtp.global\/es\/blog\/actualidad\/mtp-organiza-cuarta-edicion-innovation-day-madrid-gobierno-ia-tema-principal\/","url":"https:\/\/mtp.global\/es\/blog\/actualidad\/mtp-organiza-cuarta-edicion-innovation-day-madrid-gobierno-ia-tema-principal\/","name":"MTP organiza la cuarta edici\u00f3n del Innovation Day de Madrid","isPartOf":{"@id":"https:\/\/mtp.global\/es\/#website"},"primaryImageOfPage":{"@id":"https:\/\/mtp.global\/es\/blog\/actualidad\/mtp-organiza-cuarta-edicion-innovation-day-madrid-gobierno-ia-tema-principal\/#primaryimage"},"image":{"@id":"https:\/\/mtp.global\/es\/blog\/actualidad\/mtp-organiza-cuarta-edicion-innovation-day-madrid-gobierno-ia-tema-principal\/#primaryimage"},"thumbnailUrl":"https:\/\/mtp.global\/es\/wp-content\/uploads\/2026\/04\/MTP-Blog-Innovation-Day-madrid-4a.webp","datePublished":"2026-04-30T14:50:21+00:00","dateModified":"2026-04-30T15:08:30+00:00","description":"MTP ha organizado, para el pr\u00f3ximo d\u00eda 21 de mayo en Madrid, la cuarta edici\u00f3n del Innovation Day. Este evento tendr\u00e1 este a\u00f1o como tema protagonista a la IA y a su gobierno.","breadcrumb":{"@id":"https:\/\/mtp.global\/es\/blog\/actualidad\/mtp-organiza-cuarta-edicion-innovation-day-madrid-gobierno-ia-tema-principal\/#breadcrumb"},"inLanguage":"es","potentialAction":[{"@type":"ReadAction","target":["https:\/\/mtp.global\/es\/blog\/actualidad\/mtp-organiza-cuarta-edicion-innovation-day-madrid-gobierno-ia-tema-principal\/"]}]},{"@type":"ImageObject","inLanguage":"es","@id":"https:\/\/mtp.global\/es\/blog\/actualidad\/mtp-organiza-cuarta-edicion-innovation-day-madrid-gobierno-ia-tema-principal\/#primaryimage","url":"https:\/\/mtp.global\/es\/wp-content\/uploads\/2026\/04\/MTP-Blog-Innovation-Day-madrid-4a.webp","contentUrl":"https:\/\/mtp.global\/es\/wp-content\/uploads\/2026\/04\/MTP-Blog-Innovation-Day-madrid-4a.webp","width":1920,"height":1080},{"@type":"BreadcrumbList","@id":"https:\/\/mtp.global\/es\/blog\/actualidad\/mtp-organiza-cuarta-edicion-innovation-day-madrid-gobierno-ia-tema-principal\/#breadcrumb","itemListElement":[{"@type":"ListItem","position":1,"name":"Home","item":"https:\/\/mtp.global\/es\/home\/"},{"@type":"ListItem","position":2,"name":"MTP organiza la cuarta edici\u00f3n del Innovation Day de Madrid, con el gobierno de la IA como tema principal"}]},{"@type":"WebSite","@id":"https:\/\/mtp.global\/es\/#website","url":"https:\/\/mtp.global\/es\/","name":"MTP Global","description":"","publisher":{"@id":"https:\/\/mtp.global\/es\/#organization"},"potentialAction":[{"@type":"SearchAction","target":{"@type":"EntryPoint","urlTemplate":"https:\/\/mtp.global\/es\/?s={search_term_string}"},"query-input":{"@type":"PropertyValueSpecification","valueRequired":true,"valueName":"search_term_string"}}],"inLanguage":"es"},{"@type":"Organization","@id":"https:\/\/mtp.global\/es\/#organization","name":"MTP Global","url":"https:\/\/mtp.global\/es\/","logo":{"@type":"ImageObject","inLanguage":"es","@id":"https:\/\/mtp.global\/es\/#\/schema\/logo\/image\/","url":"https:\/\/mtp.global\/es\/wp-content\/uploads\/2024\/07\/MTP-global.png","contentUrl":"https:\/\/mtp.global\/es\/wp-content\/uploads\/2024\/07\/MTP-global.png","width":1200,"height":400,"caption":"MTP Global"},"image":{"@id":"https:\/\/mtp.global\/es\/#\/schema\/logo\/image\/"}},{"@type":"Person","@id":"https:\/\/mtp.global\/es\/#\/schema\/person\/1186350db6f59e8360dd481150654813","name":"MTP","image":{"@type":"ImageObject","inLanguage":"es","@id":"https:\/\/mtp.global\/es\/#\/schema\/person\/image\/","url":"https:\/\/secure.gravatar.com\/avatar\/9f80fcebb065607a1066a38846083841707346cf76ca0c1df24aea7a0c5d4047?s=96&d=mm&r=g","contentUrl":"https:\/\/secure.gravatar.com\/avatar\/9f80fcebb065607a1066a38846083841707346cf76ca0c1df24aea7a0c5d4047?s=96&d=mm&r=g","caption":"MTP"},"url":"https:\/\/mtp.global\/es\/blog\/author\/marketing\/"}]}},"fimg_url":"https:\/\/mtp.global\/es\/wp-content\/uploads\/2026\/04\/MTP-Blog-Innovation-Day-madrid-4a.webp","_links":{"self":[{"href":"https:\/\/mtp.global\/es\/wp-json\/wp\/v2\/posts\/42978","targetHints":{"allow":["GET"]}}],"collection":[{"href":"https:\/\/mtp.global\/es\/wp-json\/wp\/v2\/posts"}],"about":[{"href":"https:\/\/mtp.global\/es\/wp-json\/wp\/v2\/types\/post"}],"author":[{"embeddable":true,"href":"https:\/\/mtp.global\/es\/wp-json\/wp\/v2\/users\/9"}],"replies":[{"embeddable":true,"href":"https:\/\/mtp.global\/es\/wp-json\/wp\/v2\/comments?post=42978"}],"version-history":[{"count":0,"href":"https:\/\/mtp.global\/es\/wp-json\/wp\/v2\/posts\/42978\/revisions"}],"wp:featuredmedia":[{"embeddable":true,"href":"https:\/\/mtp.global\/es\/wp-json\/wp\/v2\/media\/42980"}],"wp:attachment":[{"href":"https:\/\/mtp.global\/es\/wp-json\/wp\/v2\/media?parent=42978"}],"wp:term":[{"taxonomy":"category","embeddable":true,"href":"https:\/\/mtp.global\/es\/wp-json\/wp\/v2\/categories?post=42978"},{"taxonomy":"post_tag","embeddable":true,"href":"https:\/\/mtp.global\/es\/wp-json\/wp\/v2\/tags?post=42978"}],"curies":[{"name":"wp","href":"https:\/\/api.w.org\/{rel}","templated":true}]}}